{"id":1609,"date":"2021-11-11T10:03:04","date_gmt":"2021-11-11T07:03:04","guid":{"rendered":"https:\/\/yesilambalaj.com\/?p=1609"},"modified":"2021-11-11T10:16:43","modified_gmt":"2021-11-11T07:16:43","slug":"23-26-kasim-2021-tarihlerinde-irak-uluslararasi-gida-ambalaj-ve-tarim-fuarindayiz","status":"publish","type":"post","link":"https:\/\/yesilambalaj.com\/en\/23-26-kasim-2021-tarihlerinde-irak-uluslararasi-gida-ambalaj-ve-tarim-fuarindayiz\/","title":{"rendered":"23-26 Kas\u0131m 2021 tarihlerinde Irak Uluslararas\u0131 G\u0131da, Ambalaj ve Tar\u0131m Fuar\u0131\u2019nday\u0131z!"},"content":{"rendered":"<p>23-26 Kas\u0131m 2021 tarihleri aras\u0131nda d\u00fczenlenecek olan<strong> Irak Uluslararas\u0131 G\u0131da, Ambalaj ve Tar\u0131m Fuar\u0131\u2019<\/strong>nda Ye\u015fil Ambalaj olarak yerimizi ald\u0131k.<br \/>\nStand\u0131m\u0131za t\u00fcm do\u011fa dostu ziyaret\u00e7ilerimiz davetlidir.<\/p>\n<p><strong>(ERB\u0130L ULUSLARARASI FUAR MERKEZ\u0130\/IRAK &#8211; Stant No: B-710)<\/strong><\/p>\n","protected":false},"excerpt":{"rendered":"<p>23-26 Kas\u0131m 2021 tarihleri aras\u0131nda d\u00fczenlenecek olan Irak Uluslararas\u0131 G\u0131da, Ambalaj ve Tar\u0131m Fuar\u0131\u2019nda Ye\u015fil Ambalaj olarak yerimizi ald\u0131k. Stand\u0131m\u0131za t\u00fcm do\u011fa dostu ziyaret\u00e7ilerimiz davetlidir. (ERB\u0130L ULUSLARARASI FUAR MERKEZ\u0130\/IRAK &#8211; Stant No: B-710)<\/p>\n","protected":false},"author":1,"featured_media":1610,"comment_status":"closed","ping_status":"open","sticky":false,"template":"","format":"standard","meta":{"footnotes":""},"categories":[81,42],"tags":[75,64,65,66,92,93],"class_list":["post-1609","post","type-post","status-publish","format-standard","has-post-thumbnail","hentry","category-announcements","category-news-from-us","tag-ambalaj-fuari","tag-erbil","tag-erbil-fuar","tag-fuar","tag-gida-fuari","tag-tarim-fuari"],"_links":{"self":[{"href":"https:\/\/yesilambalaj.com\/en\/wp-json\/wp\/v2\/posts\/1609","targetHints":{"allow":["GET"]}}],"collection":[{"href":"https:\/\/yesilambalaj.com\/en\/wp-json\/wp\/v2\/posts"}],"about":[{"href":"https:\/\/yesilambalaj.com\/en\/wp-json\/wp\/v2\/types\/post"}],"author":[{"embeddable":true,"href":"https:\/\/yesilambalaj.com\/en\/wp-json\/wp\/v2\/users\/1"}],"replies":[{"embeddable":true,"href":"https:\/\/yesilambalaj.com\/en\/wp-json\/wp\/v2\/comments?post=1609"}],"version-history":[{"count":0,"href":"https:\/\/yesilambalaj.com\/en\/wp-json\/wp\/v2\/posts\/1609\/revisions"}],"wp:featuredmedia":[{"embeddable":true,"href":"https:\/\/yesilambalaj.com\/en\/wp-json\/wp\/v2\/media\/1610"}],"wp:attachment":[{"href":"https:\/\/yesilambalaj.com\/en\/wp-json\/wp\/v2\/media?parent=1609"}],"wp:term":[{"taxonomy":"category","embeddable":true,"href":"https:\/\/yesilambalaj.com\/en\/wp-json\/wp\/v2\/categories?post=1609"},{"taxonomy":"post_tag","embeddable":true,"href":"https:\/\/yesilambalaj.com\/en\/wp-json\/wp\/v2\/tags?post=1609"}],"curies":[{"name":"wp","href":"https:\/\/api.w.org\/{rel}","templated":true}]}}